{"id":1499,"date":"2023-08-22T13:24:03","date_gmt":"2023-08-22T11:24:03","guid":{"rendered":"https:\/\/pre-datos.canarias.es\/portal\/?p=1499"},"modified":"2023-09-21T13:28:40","modified_gmt":"2023-09-21T11:28:40","slug":"seguimiento-del-incendio-de-tenerife-con-el-uso-de-datos-abiertos","status":"publish","type":"post","link":"https:\/\/datos.canarias.es\/portal\/seguimiento-del-incendio-de-tenerife-con-el-uso-de-datos-abiertos\/","title":{"rendered":"Seguimiento del incendio de Tenerife con el uso de datos abiertos"},"content":{"rendered":"<!-- RS_MODULE_CODE_2.4.4 --><div id=\"readspeaker_button1499\" class=\"rs_skip rsbtn rs_preserve\"><a class=\"rsbtn_play\" title=\"Escucha esta p&aacute;gina utilizando ReadSpeaker\" accesskey=\"L\" href=\"\/\/app-eu.readspeaker.com\/cgi-bin\/rsent?customerid=7294&amp;lang=es_es&amp;readid=rspeak_read_1499&amp;url=https%3A%2F%2Fdatos.canarias.es%2Fportal%2Fwp-json%2Fwp%2Fv2%2Fposts%2F1499\">\r\n        <span class=\"rsbtn_left rsimg rspart\"><span class=\"rsbtn_text\"><span>Escuchar<\/span><\/span><\/span>\r\n        <span class=\"rsbtn_right rsimg rsplay rspart\"><\/span>\r\n        <\/a><\/div><div id=\"rspeak_read_1499\">\n<p>El Instituto Canario de Estad\u00edstica (ISTAC) ha publicado una <a href=\"https:\/\/www3.gobiernodecanarias.org\/aplicaciones\/appsistac\/incendioForestalTenerife2023\">nueva aplicaci\u00f3n para hacer seguimiento al avance del incendio de Tenerife<\/a>. Para esta aplicaci\u00f3n se hace uso del Atlas Estad\u00edstico de Canarias, en el que se precargan los datos del incendio forestal.<\/p>\n\n\n\n<figure class=\"wp-block-image size-large\"><img loading=\"lazy\" decoding=\"async\" width=\"1024\" height=\"404\" src=\"https:\/\/datos.canarias.es\/portal\/wp-content\/uploads\/2023\/09\/Atlas-Incendio-Tenerife-Mapa-satelital-1024x404.jpg\" alt=\"Atlas - Incendio Tenerife - Mapa satelital\" class=\"wp-image-1498\" srcset=\"https:\/\/datos.canarias.es\/portal\/wp-content\/uploads\/2023\/09\/Atlas-Incendio-Tenerife-Mapa-satelital-1024x404.jpg 1024w, https:\/\/datos.canarias.es\/portal\/wp-content\/uploads\/2023\/09\/Atlas-Incendio-Tenerife-Mapa-satelital-300x118.jpg 300w, https:\/\/datos.canarias.es\/portal\/wp-content\/uploads\/2023\/09\/Atlas-Incendio-Tenerife-Mapa-satelital-768x303.jpg 768w, https:\/\/datos.canarias.es\/portal\/wp-content\/uploads\/2023\/09\/Atlas-Incendio-Tenerife-Mapa-satelital-1536x606.jpg 1536w, https:\/\/datos.canarias.es\/portal\/wp-content\/uploads\/2023\/09\/Atlas-Incendio-Tenerife-Mapa-satelital.jpg 1920w\" sizes=\"(max-width: 1024px) 100vw, 1024px\" \/><figcaption class=\"wp-element-caption\">Atlas &#8211; Incendio Tenerife &#8211; Mapa satelital<\/figcaption><\/figure>\n\n\n\n<p><\/p>\n\n\n\n<p>El incendio, a\u00fan activo cuando se publican estas l\u00edneas, se puede analizar mediante las siguientes capas:<\/p>\n\n\n\n<ul>\n<li><strong>Datos del incendio<\/strong> (con la informaci\u00f3n m\u00e1s reciente publicada por <a href=\"https:\/\/www.copernicus.eu\/es\">Copernicus<\/a>):\n<ul>\n<li>Focos activos<\/li>\n\n\n\n<li>\u00c1rea quemada<\/li>\n<\/ul>\n<\/li>\n\n\n\n<li><strong>Municipios <\/strong>(l\u00edmites territoriales)<\/li>\n\n\n\n<li><strong>Mallas de 250 m<\/strong>\u00b2 que representan con detalle la <strong>distribuci\u00f3n f\u00edsica de la poblaci\u00f3n<\/strong><\/li>\n\n\n\n<li><strong>Espacios Naturales Protegidos<\/strong> (capa opcional)<\/li>\n<\/ul>\n\n\n\n<p>Con las capas principales activas, el mapa resultante adquiere el siguiente aspecto:<\/p>\n\n\n\n<figure class=\"wp-block-image size-full\"><img loading=\"lazy\" decoding=\"async\" width=\"810\" height=\"606\" src=\"https:\/\/datos.canarias.es\/portal\/wp-content\/uploads\/2023\/09\/Atlas-Incendio-Tenerife-Carga-inicial.jpg\" alt=\"Atlas - Incendio Tenerife - Carga inicial\" class=\"wp-image-1497\" srcset=\"https:\/\/datos.canarias.es\/portal\/wp-content\/uploads\/2023\/09\/Atlas-Incendio-Tenerife-Carga-inicial.jpg 810w, https:\/\/datos.canarias.es\/portal\/wp-content\/uploads\/2023\/09\/Atlas-Incendio-Tenerife-Carga-inicial-300x224.jpg 300w, https:\/\/datos.canarias.es\/portal\/wp-content\/uploads\/2023\/09\/Atlas-Incendio-Tenerife-Carga-inicial-768x575.jpg 768w\" sizes=\"(max-width: 810px) 100vw, 810px\" \/><figcaption class=\"wp-element-caption\">Atlas &#8211; Incendio Tenerife &#8211; Carga inicial<\/figcaption><\/figure>\n\n\n\n<p><\/p>\n\n\n\n<p>Sobre estos datos, como ya <a href=\"https:\/\/datos.canarias.es\/portal\/analisis-del-volcan-de-la-palma-con-el-uso-de-datos-abiertos\/\">se desgran\u00f3 en este art\u00edculo<\/a>, existe la posibilidad de a\u00f1adir todo tipo de capas que puedan ser de inter\u00e9s para diferentes an\u00e1lisis, desde algunas capas ya cargadas como la red de <strong>abastecimiento de agua<\/strong> o los <strong>grados de urbanizaci\u00f3n<\/strong>, hasta datos de terceros a los que se puede acceder gracias a la herramienta de <strong>importaci\u00f3n de datos<\/strong>. Especialmente pueden incorporarse los indicadores estad\u00edsticos demogr\u00e1ficos en mallas de 250 metros de lado, permitiendo observar las zonas pobladas amenazadas o afectadas por el incendio.<\/p>\n\n\n\n<p>Todas estas opciones y usos se pueden ver con m\u00e1s detalle en una serie de <strong>p\u00edldoras formativas<\/strong> destinadas exclusivamente al uso del Atlas Estad\u00edstico de Canarias:<\/p>\n\n\n\n<ul>\n<li><a href=\"https:\/\/youtu.be\/4rH5Kv57DMk\">Introducci\u00f3n e interfaz<\/a><\/li>\n\n\n\n<li><a href=\"https:\/\/youtu.be\/R38H2daWdW8\">Carga de datos<\/a><\/li>\n\n\n\n<li><a href=\"https:\/\/youtu.be\/ke56iaRWlB4\">Historias<\/a><\/li>\n\n\n\n<li><a href=\"https:\/\/youtu.be\/cq3gtv5Ngjs\">Evoluci\u00f3n temporal<\/a><\/li>\n<\/ul>\n\n\n\n<p>Como ya sucediera <a href=\"https:\/\/datos.canarias.es\/portal\/analisis-del-volcan-de-la-palma-con-el-uso-de-datos-abiertos\/\">con el volc\u00e1n de La Palma<\/a>, el <strong>gran trabajo realizado para la apertura de datos de Canarias<\/strong> permite que se creen nuevos servicios haciendo uso de los datos, como puede ser el seguimiento de situaciones de emergencia.<\/p>\n\n\n\n<p>En este caso, la cobertura del incendio con el uso de datos abiertos es una valiosa herramienta para analizar y comprender la evoluci\u00f3n de esta cat\u00e1strofe. Gracias al esfuerzo por mantener los datos abiertos se ha demostrado una vez m\u00e1s el valor de esta iniciativa para el uso de cualquier ciudadano.<\/p>\n<\/div>","protected":false},"excerpt":{"rendered":"<!-- RS_MODULE_CODE_2.4.4 --><div id=\"readspeaker_button1499\" class=\"rs_skip rsbtn rs_preserve\"><a class=\"rsbtn_play\" title=\"Escucha esta p&aacute;gina utilizando ReadSpeaker\" accesskey=\"L\" href=\"\/\/app-eu.readspeaker.com\/cgi-bin\/rsent?customerid=7294&amp;lang=es_es&amp;readid=rspeak_read_1499&amp;url=https%3A%2F%2Fdatos.canarias.es%2Fportal%2Fwp-json%2Fwp%2Fv2%2Fposts%2F1499\">\r\n        <span class=\"rsbtn_left rsimg rspart\"><span class=\"rsbtn_text\"><span>Escuchar<\/span><\/span><\/span>\r\n        <span class=\"rsbtn_right rsimg rsplay rspart\"><\/span>\r\n        <\/a><\/div><div id=\"rspeak_read_1499\"><p> El Instituto Canario de Estad\u00edstica (ISTAC) ha publicado una nueva aplicaci\u00f3n para hacer seguimiento al avance del incendio de Tenerife. Para esta aplicaci\u00f3n se hace uso [&hellip;]<\/p>\n<\/div>","protected":false},"author":2,"featured_media":1497,"comment_status":"closed","ping_status":"closed","sticky":false,"template":"","format":"standard","meta":{"footnotes":""},"categories":[2],"tags":[],"_links":{"self":[{"href":"https:\/\/datos.canarias.es\/portal\/wp-json\/wp\/v2\/posts\/1499"}],"collection":[{"href":"https:\/\/datos.canarias.es\/portal\/wp-json\/wp\/v2\/posts"}],"about":[{"href":"https:\/\/datos.canarias.es\/portal\/wp-json\/wp\/v2\/types\/post"}],"author":[{"embeddable":true,"href":"https:\/\/datos.canarias.es\/portal\/wp-json\/wp\/v2\/users\/2"}],"replies":[{"embeddable":true,"href":"https:\/\/datos.canarias.es\/portal\/wp-json\/wp\/v2\/comments?post=1499"}],"version-history":[{"count":1,"href":"https:\/\/datos.canarias.es\/portal\/wp-json\/wp\/v2\/posts\/1499\/revisions"}],"predecessor-version":[{"id":1501,"href":"https:\/\/datos.canarias.es\/portal\/wp-json\/wp\/v2\/posts\/1499\/revisions\/1501"}],"wp:featuredmedia":[{"embeddable":true,"href":"https:\/\/datos.canarias.es\/portal\/wp-json\/wp\/v2\/media\/1497"}],"wp:attachment":[{"href":"https:\/\/datos.canarias.es\/portal\/wp-json\/wp\/v2\/media?parent=1499"}],"wp:term":[{"taxonomy":"category","embeddable":true,"href":"https:\/\/datos.canarias.es\/portal\/wp-json\/wp\/v2\/categories?post=1499"},{"taxonomy":"post_tag","embeddable":true,"href":"https:\/\/datos.canarias.es\/portal\/wp-json\/wp\/v2\/tags?post=1499"}],"curies":[{"name":"wp","href":"https:\/\/api.w.org\/{rel}","templated":true}]}}